{"id":1480,"date":"2025-11-24T10:19:37","date_gmt":"2025-11-24T09:19:37","guid":{"rendered":"https:\/\/napaseguretatlaboral.com\/napa-la-teva-referencia-en-seguretat-laboral-i-vestuari-professional-a-vilafranca-del-penedes\/"},"modified":"2025-11-27T10:17:54","modified_gmt":"2025-11-27T09:17:54","slug":"napa-tu-referencia-en-seguridad-laboral-y-vestuario-profesional-en-vilafranca-del-penedes","status":"publish","type":"post","link":"https:\/\/napaseguretatlaboral.com\/es\/napa-tu-referencia-en-seguridad-laboral-y-vestuario-profesional-en-vilafranca-del-penedes\/","title":{"rendered":"NAPA: Tu referencia en seguridad laboral y vestuario profesional en Vilafranca del Pened\u00e8s"},"content":{"rendered":"<p>\u00bfSab\u00edas que cada a\u00f1o se registran miles de accidentes laborales que podr\u00edan evitarse con el equipo de protecci\u00f3n adecuado? En <strong>NAPA Seguridad Laboral<\/strong>, llevamos m\u00e1s de dos d\u00e9cadas trabajando para que cada profesional regrese a casa sano y salvo. Hoy inauguramos este espacio para compartir conocimiento, experiencias y consejos pr\u00e1cticos sobre seguridad en el trabajo.<\/p>\n<h2>Por qu\u00e9 la protecci\u00f3n laboral es m\u00e1s importante que nunca<\/h2>\n<p>El mundo laboral ha cambiado radicalmente. Las empresas ya no solo buscan cumplir la normativa: quieren equipos que mejoren el rendimiento, reduzcan la fatiga y reflejen una imagen profesional. Un trabajador protegido es un trabajador productivo, y eso lo saben bien las compa\u00f1\u00edas que apuestan por la prevenci\u00f3n.<\/p>\n<p>En la comarca del Pened\u00e8s y m\u00e1s all\u00e1, empresas de sectores tan diversos como la construcci\u00f3n, la agricultura, la industria qu\u00edmica, la log\u00edstica y el sector sanitario conf\u00edan en NAPA porque entendemos que cada actividad tiene sus riesgos espec\u00edficos y requiere soluciones personalizadas.<\/p>\n<h2>De pies a cabeza: soluciones para cada necesidad<\/h2>\n<p>La protecci\u00f3n integral significa cuidar cada parte del cuerpo. En nuestro cat\u00e1logo encontrar\u00e1s:<\/p>\n<ul>\n<li><strong>Protecci\u00f3n de la cabeza:<\/strong> Cascos homologados para obra, industria y trabajos en altura, con sistemas de ventilaci\u00f3n y ajuste mejorados.<\/li>\n<li><strong>Protecci\u00f3n ocular y facial:<\/strong> Gafas de seguridad con tratamientos antiempa\u00f1amiento, pantallas de soldadura y m\u00e1scaras faciales para entornos qu\u00edmicos.<\/li>\n<li><strong>Protecci\u00f3n respiratoria:<\/strong> Desde mascarillas desechables hasta equipos de respiraci\u00f3n aut\u00f3noma para atm\u00f3sferas contaminadas.<\/li>\n<li><strong>Protecci\u00f3n auditiva:<\/strong> Tapones y orejeras que reducen el ruido sin aislar completamente al trabajador de su entorno.<\/li>\n<li><strong>Calzado de seguridad:<\/strong> Botas y zapatos con puntera reforzada, suelas antideslizantes y dise\u00f1o ergon\u00f3mico para jornadas largas.<\/li>\n<li><strong>Ropa y vestuario laboral:<\/strong> Prendas t\u00e9cnicas resistentes, transpirables y personalizables con la imagen corporativa de tu empresa.<\/li>\n<li><strong>Protecci\u00f3n de manos:<\/strong> Guantes espec\u00edficos para cada tarea: cortes, productos qu\u00edmicos, temperaturas extremas o trabajos de precisi\u00f3n.<\/li>\n<li><strong>Sistemas antica\u00eddas:<\/strong> Arneses, l\u00edneas de vida y equipos de anclaje certificados para trabajos en altura.<\/li>\n<\/ul>\n<h2>M\u00e1s de 20 a\u00f1os asesorando empresas del Pened\u00e8s<\/h2>\n<p>Desde nuestros inicios en Vilafranca del Pened\u00e8s, hemos crecido gracias a un compromiso: no somos simples distribuidores, somos <strong>asesores especializados en prevenci\u00f3n de riesgos laborales<\/strong>. Conocemos la normativa vigente, analizamos cada entorno de trabajo y proponemos el equipamiento exacto que necesitas.<\/p>\n<p>Nuestra tienda f\u00edsica y nuestra plataforma online son el resultado de escuchar las necesidades reales de los profesionales. Ofrecemos marcas de confianza, stock permanente y un servicio de atenci\u00f3n personalizado que marca la diferencia.<\/p>\n<h2>Qu\u00e9 encontrar\u00e1s en este blog<\/h2>\n<p>Este espacio nace para acompa\u00f1arte en todo lo relacionado con la seguridad laboral. Aqu\u00ed publicaremos:<\/p>\n<ul>\n<li>Gu\u00edas pr\u00e1cticas para elegir el EPI adecuado seg\u00fan tu actividad.<\/li>\n<li>Novedades sobre cambios normativos y certificaciones europeas.<\/li>\n<li>Consejos de mantenimiento para alargar la vida \u00fatil de tus equipos.<\/li>\n<li>Casos pr\u00e1cticos y testimonios de clientes que han mejorado su seguridad con NAPA.<\/li>\n<li>Informaci\u00f3n t\u00e9cnica sobre materiales, tecnolog\u00edas e innovaciones en protecci\u00f3n laboral.<\/li>\n<\/ul>\n<h2>Normativa y certificaciones: el compromiso con la calidad<\/h2>\n<p>Todos nuestros productos cumplen con la normativa europea de seguridad. Los equipos de protecci\u00f3n individual (EPI) est\u00e1n clasificados en tres categor\u00edas seg\u00fan el nivel de riesgo que cubren:<\/p>\n<ul>\n<li><strong>Categor\u00eda I:<\/strong> Riesgos m\u00ednimos (guantes de jardiner\u00eda, gafas de sol laborales).<\/li>\n<li><strong>Categor\u00eda II:<\/strong> Riesgos medios (calzado de seguridad, cascos industriales, guantes mec\u00e1nicos).<\/li>\n<li><strong>Categor\u00eda III:<\/strong> Riesgos graves o mortales (equipos antica\u00eddas, protecci\u00f3n respiratoria en atm\u00f3sferas peligrosas).<\/li>\n<\/ul>\n<p>El marcado CE garantiza que cada producto ha superado pruebas rigurosas y cumple con los Reglamentos Europeos 2016\/425 y las normas EN espec\u00edficas de cada tipo de EPI. En NAPA podemos asesorarte sobre qu\u00e9 categor\u00eda y certificaci\u00f3n necesita tu empresa seg\u00fan la evaluaci\u00f3n de riesgos de tu lugar de trabajo.<\/p>\n<h2>Vis\u00edtanos y descubre la diferencia NAPA<\/h2>\n<p>Te esperamos en nuestras instalaciones de Vilafranca del Pened\u00e8s o en nuestra tienda online. Nuestro equipo t\u00e9cnico estudiar\u00e1 las particularidades de tu actividad para ofrecerte un asesoramiento personalizado, sin compromiso y con la garant\u00eda de m\u00e1s de 20 a\u00f1os de experiencia.<\/p>\n<p><strong>Bienvenido a NAPA Seguridad Laboral. Tu seguridad, nuestra prioridad.<\/strong><\/p>\n","protected":false},"excerpt":{"rendered":"<p>\u00bfSab\u00edas que cada a\u00f1o se registran miles de accidentes laborales que podr\u00edan evitarse con el equipo de protecci\u00f3n adecuado? En NAPA Seguridad Laboral, llevamos m\u00e1s de dos d\u00e9cadas trabajando para que cada profesional regrese a casa sano y salvo. Hoy inauguramos este espacio para compartir conocimiento, experiencias y consejos pr\u00e1cticos sobre seguridad en el trabajo. [&hellip;]<\/p>\n","protected":false},"author":1,"featured_media":0,"comment_status":"closed","ping_status":"open","sticky":false,"template":"","format":"standard","meta":{"footnotes":""},"categories":[1],"tags":[],"class_list":["post-1480","post","type-post","status-publish","format-standard","hentry","category-sin-categoria"],"_links":{"self":[{"href":"https:\/\/napaseguretatlaboral.com\/es\/wp-json\/wp\/v2\/posts\/1480","targetHints":{"allow":["GET"]}}],"collection":[{"href":"https:\/\/napaseguretatlaboral.com\/es\/wp-json\/wp\/v2\/posts"}],"about":[{"href":"https:\/\/napaseguretatlaboral.com\/es\/wp-json\/wp\/v2\/types\/post"}],"author":[{"embeddable":true,"href":"https:\/\/napaseguretatlaboral.com\/es\/wp-json\/wp\/v2\/users\/1"}],"replies":[{"embeddable":true,"href":"https:\/\/napaseguretatlaboral.com\/es\/wp-json\/wp\/v2\/comments?post=1480"}],"version-history":[{"count":5,"href":"https:\/\/napaseguretatlaboral.com\/es\/wp-json\/wp\/v2\/posts\/1480\/revisions"}],"predecessor-version":[{"id":1562,"href":"https:\/\/napaseguretatlaboral.com\/es\/wp-json\/wp\/v2\/posts\/1480\/revisions\/1562"}],"wp:attachment":[{"href":"https:\/\/napaseguretatlaboral.com\/es\/wp-json\/wp\/v2\/media?parent=1480"}],"wp:term":[{"taxonomy":"category","embeddable":true,"href":"https:\/\/napaseguretatlaboral.com\/es\/wp-json\/wp\/v2\/categories?post=1480"},{"taxonomy":"post_tag","embeddable":true,"href":"https:\/\/napaseguretatlaboral.com\/es\/wp-json\/wp\/v2\/tags?post=1480"}],"curies":[{"name":"wp","href":"https:\/\/api.w.org\/{rel}","templated":true}]}}